{"id":884,"date":"2026-04-07T22:34:57","date_gmt":"2026-04-07T20:34:57","guid":{"rendered":"https:\/\/www.macroges.com\/blog\/?p=884"},"modified":"2026-04-08T20:45:54","modified_gmt":"2026-04-08T18:45:54","slug":"iva-franquiciado-para-autonomos-2026","status":"publish","type":"post","link":"https:\/\/www.macroges.com\/blog\/iva-franquiciado-para-autonomos-2026\/","title":{"rendered":"IVA franquiciado para aut\u00f3nomos: La multa de Bruselas que obliga a Espa\u00f1a a cambiar (\u00bfLlegar\u00e1 antes de 2028?)"},"content":{"rendered":"\n<p class=\"has-text-align-center\">IVA franquiciado para aut\u00f3nomos 2026: adi\u00f3s al modelo 303 si facturas menos de 85.000 \u20ac. \u00bfLlegar\u00e1 en 2027 o 2028? Te lo contamos.<\/p>\n\n\n\n<p><\/p>\n\n\n\n<div style=\"height:24px\" aria-hidden=\"true\" class=\"wp-block-spacer\"><\/div>\n\n\n\n<p>\u00bfSigues presentando el&nbsp;<strong>modelo 303 cada tres meses<\/strong>&nbsp;y descontando el IVA de tus facturas como un aut\u00f3mata? Pues&nbsp;<strong>prepara el cambio<\/strong>. El Gobierno acaba de comprometerse a aplicar la&nbsp;<strong>franquicia del IVA<\/strong>&nbsp;para aut\u00f3nomos que facturen menos de&nbsp;<strong>85.000 euros anuales<\/strong>. Pero no te emociones demasiado r\u00e1pido: detr\u00e1s de este anuncio hay una&nbsp;<strong>multa millonaria de Europa<\/strong>, un&nbsp;<strong>rescate pol\u00edtico de \u00faltima hora<\/strong>&nbsp;y un&nbsp;<strong>calendario de infarto<\/strong>&nbsp;que apunta a 2027\u2026 o quiz\u00e1s 2028.<\/p>\n\n\n\n<p>Olv\u00eddate de los textos aburridos de Hacienda. Esto es lo que&nbsp;<strong>realmente necesitas saber<\/strong>&nbsp;para no pillarte los dedos.<\/p>\n\n\n\n<p>&nbsp;<\/p>\n\n\n\n<div style=\"margin:1em;\">\r\n  <a class=\"btn btn-primary\" target=\"_blank\" style=\"background-color:#00aced;\" href=\"https:\/\/twitter.com\/intent\/tweet?text=Software ERP para PYMES: La soluci\u00f3n ideal para gestionar tu negocio. https:\/\/www.macroges.com\/blog\/software-erp-pymes\/\" rel=\"noopener\"><i class=\"fa fa-twitter\"><\/i>&nbsp;&nbsp;Twitter&nbsp;\r\n  <\/a>\r\n  <a class=\"btn btn-primary\" target=\"_blank\" style=\"background-color:#3b5998;\" href=\"https:\/\/www.facebook.com\/sharer\/sharer.php?u=https:\/\/www.macroges.com\/blog\/software-erp-pymes\/\" rel=\"noopener\"><i class=\"fa fa-facebook-f\"><\/i>&nbsp;&nbsp;Facebook&nbsp;\r\n  <\/a>\r\n  <a class=\"btn btn-primary\" target=\"_blank\" style=\"background-color:#0077b5;\" href=\"https:\/\/www.linkedin.com\/shareArticle?mini=true&amp;url=https:\/\/www.macroges.com\/blog\/software-erp-pymes\/&amp;title=Software ERP para PYMES: La soluci\u00f3n ideal para gestionar tu negocio.&amp;source=https:\/\/www.macroges.com\/blog\/wp-content\/uploads\/software-erp-pymes.jpg\" rel=\"noopener\">\r\n<i class=\"fa fa-linkedin\"><\/i>&nbsp;&nbsp;LinkedIn&nbsp;\r\n  <\/a>\r\n  <a class=\"btn btn-primary\" target=\"_blank\" style=\"background-color:#009487;\" href=\"https:\/\/api.whatsapp.com\/send?text=Software ERP para PYMES: La soluci\u00f3n ideal para gestionar tu negocio. \u2013 https:\/\/www.macroges.com\/blog\/software-erp-pymes\/\" data-action=\"share\/whatsapp\/share\" rel=\"noopener\">\r\n<i class=\"fa fa-whatsapp\"><\/i>&nbsp;&nbsp;WhatsApp&nbsp;\r\n  <\/a>\r\n<\/div>\n\n\n\n<div style=\"width:100%; max-width:100%; background-color:#fffbf7; padding:1em; border:1px solid;\">\n<h2>\u00cdndice de contenidos<\/h2>\n<ul class=\"toc-list\">\n  <li><a href=\"#firma-dedo\">\u00bfPor qu\u00e9 ahora? La multa europea que lo cambia todo<\/a><\/li>\n  <li><a href=\"#app\">\u00bfEn qu\u00e9 consiste el IVA franquiciado?<\/a><\/li>\n  <li><a href=\"#online\">Ventajas: adi\u00f3s al papeleo trimestral<\/a><\/li>\n  <li><a href=\"#beneficios\">La trampa: \u00bfte sale a cuenta perder las deducciones?<\/a><\/li>\n  <li><a href=\"#error\">Fechas clave: \u00bf2027 o 2028? El escepticismo razonable<\/a><\/li>\n  <li><a href=\"#consejos\">Comparativa r\u00e1pida: c\u00f3mo queda tu facturaci\u00f3n<\/a><\/li>\n  <li><a href=\"#consejos\">Conclusi\u00f3n: \u00bfalivio real o cortina de humo?<\/a><\/li>\n  <li><a href=\"#comparativa\">Comparativa: Sin Cuota Cero vs Con Cuota Cero en Canarias<\/a><\/li>\n  <li><a href=\"#conclusion\">Conclusi\u00f3n: \u00bfPor qu\u00e9 tu negocio necesita esta subvenci\u00f3n ahora?<\/a><\/li>\n<\/ul>\n<\/div>\n\n\n\n<p class=\"espacio-previo\" id=\"firma-dedo?\">&nbsp;<\/p>\n\n\n\n<h2 class=\"wp-block-heading\">1. \u00bfPor qu\u00e9 ahora? La multa europea que lo cambia todo<\/h2>\n\n\n\n<p>No, no es un&nbsp;<strong>regalo del Gobierno<\/strong>. Es una&nbsp;<strong>obligaci\u00f3n legal<\/strong>&nbsp;que llevan a\u00f1os ignorando.&nbsp;<strong>Espa\u00f1a es el \u00faltimo pa\u00eds de la Uni\u00f3n Europea<\/strong>&nbsp;que no ha adaptado la&nbsp;<strong>Directiva (UE) 2020\/285<\/strong>. Esta norma obliga a todos los Estados miembros a ofrecer un&nbsp;<strong>r\u00e9gimen simplificado de IVA<\/strong>&nbsp;para peque\u00f1os aut\u00f3nomos.<\/p>\n\n\n\n<p>\u00bfEl problema? El plazo l\u00edmite era el&nbsp;<strong>1 de enero de 2025<\/strong>. Espa\u00f1a lo incumpli\u00f3. Y Bruselas ha perdido la paciencia.<\/p>\n\n\n\n<p>El&nbsp;<strong>11 de marzo de 2026<\/strong>, la Comisi\u00f3n Europea elev\u00f3 el caso al&nbsp;<strong>Tribunal de Justicia de la UE<\/strong>. El riesgo ahora es real:&nbsp;<strong>multas millonarias<\/strong>&nbsp;y&nbsp;<strong>sanciones diarias<\/strong>&nbsp;por cada d\u00eda de retraso.<\/p>\n\n\n\n<p>Por eso el Gobierno se ha movido. Necesita&nbsp;<strong>asegurar votos<\/strong>&nbsp;(como los de Junts para convalidar el decreto de ayudas por la guerra) y, de paso,&nbsp;<strong>frenar la sangr\u00eda econ\u00f3mica<\/strong>&nbsp;de las sanciones. La&nbsp;<strong>franquicia del IVA<\/strong>&nbsp;es, en el fondo, un&nbsp;<strong>rescate forzado por las multas europeas<\/strong>.<\/p>\n\n\n\n<p class=\"espacio-previo\" id=\"app\">&nbsp;<\/p>\n\n\n\n<h2 class=\"wp-block-heading\"> 2. \u00bfEn qu\u00e9 consiste el IVA franquiciado?<\/h2>\n\n\n\n<p>Para el aut\u00f3nomo que factura menos de&nbsp;<strong>85.000 \u20ac al a\u00f1o<\/strong>, este cambio es&nbsp;<strong>radical<\/strong>. Estos son los pilares del nuevo sistema:<\/p>\n\n\n\n<ul>\n<li><strong>Facturas sin IVA<\/strong>: Dejar\u00e1s de incluir el impuesto en tus facturas. Eso significa que puedes&nbsp;<strong>bajar tus precios<\/strong>&nbsp;para ser m\u00e1s competitivo o&nbsp;<strong>mantenerlos<\/strong>&nbsp;y ganar m\u00e1s margen.<\/li>\n\n\n\n<li><strong>Adi\u00f3s al modelo 303<\/strong>: Se elimina la declaraci\u00f3n trimestral. Solo una&nbsp;<strong>declaraci\u00f3n informativa anual<\/strong>&nbsp;para que Hacienda compruebe que no has superado el l\u00edmite de ingresos.<\/li>\n\n\n\n<li><strong>Menos burocracia, m\u00e1s tiempo<\/strong>: Olv\u00eddate de calcular el IVA cada tres meses.&nbsp;<strong>Respiras<\/strong>.<\/li>\n<\/ul>\n\n\n\n<p class=\"espacio-previo\" id=\"online\">&nbsp;<\/p>\n\n\n\n<h2 class=\"wp-block-heading\">3. La trampa que nadie te cuenta (p\u00e9rdida de deducciones)<\/h2>\n\n\n\n<p>Aqu\u00ed viene la letra peque\u00f1a. Al no repercutir IVA,&nbsp;<strong>pierdes el derecho a deducirte el IVA de tus compras<\/strong>. \u00bfQu\u00e9 significa eso en la pr\u00e1ctica?<\/p>\n\n\n\n<ul>\n<li><strong>Si tu negocio tiene pocos gastos<\/strong>&nbsp;(consultor\u00eda, dise\u00f1o, programaci\u00f3n, formaci\u00f3n online):&nbsp;<strong>TE SALE A CUENTA<\/strong>. Ahorras papeleo y no pierdes casi nada.<\/li>\n\n\n\n<li><strong>Si tu negocio tiene muchos gastos<\/strong>&nbsp;(transportistas, comercios con mercanc\u00eda, hosteler\u00eda, talleres):&nbsp;<strong>CUIDADO<\/strong>. Perder la deducci\u00f3n del IVA de tus compras puede ser m\u00e1s caro que seguir en el r\u00e9gimen general.<\/li>\n<\/ul>\n\n\n\n<p><strong>Ejemplo r\u00e1pido:<\/strong>&nbsp;Un transportista que gasta 20.000 \u20ac al a\u00f1o en gasoil y mantenimiento. Con el r\u00e9gimen actual se deduce el 21 % de IVA (4.200 \u20ac). Con la franquicia,&nbsp;<strong>pierde esa deducci\u00f3n<\/strong>. Ese dinero se lo come \u00e9l.<\/p>\n\n\n\n<p>Por tanto, la&nbsp;<strong>franquicia del IVA no es para todos<\/strong>. Cada aut\u00f3nomo deber\u00e1 hacer n\u00fameros.<\/p>\n\n\n\n<p class=\"espacio-previo\" id=\"beneficios\">&nbsp;<\/p>\n\n\n\n<h2 class=\"wp-block-heading\">4. Fechas clave: \u00bf2027 o 2028? El escepticismo razonable<\/h2>\n\n\n\n<p>El anuncio pol\u00edtico ha llegado, pero la ejecuci\u00f3n t\u00e9cnica es otra historia. Implementar este cambio exige una&nbsp;<strong>reestructuraci\u00f3n profunda de los sistemas inform\u00e1ticos de la Agencia Tributaria<\/strong>. Y todos sabemos lo que eso significa:&nbsp;<strong>retrasos<\/strong>.<\/p>\n\n\n\n<ul>\n<li><strong>Escenario optimista (anunciado por el Gobierno):<\/strong>&nbsp;Enero de 2027. Si aprueban los tr\u00e1mites antes del par\u00f3n de agosto de 2026, es&nbsp;<strong>ambicioso pero posible<\/strong>.<\/li>\n\n\n\n<li><strong>Escenario realista (analistas independientes):<\/strong>&nbsp;2028. Proyectar una medida de obligado cumplimiento hacia el final de la legislatura genera&nbsp;<strong>muchas dudas<\/strong>.<\/li>\n<\/ul>\n\n\n\n<p>La pregunta que muchos se hacen: \u00bfes esto una&nbsp;<strong>voluntad real de reforma<\/strong>&nbsp;o una&nbsp;<strong>estrategia para ganar tiempo<\/strong>&nbsp;frente a los tribunales europeos y los socios parlamentarios?<\/p>\n\n\n\n<div style=\"height:24px\" aria-hidden=\"true\" class=\"wp-block-spacer\"><\/div>\n\n\n\n<p class=\"espacio-previo\" id=\"error\">&nbsp;<\/p>\n\n\n\n<h2 class=\"wp-block-heading\">5. Comparativa r\u00e1pida: c\u00f3mo queda tu facturaci\u00f3n<\/h2>\n\n\n\n<figure class=\"wp-block-table is-style-regular\"><table><tbody><tr><td class=\"has-text-align-left\" data-align=\"left\"><strong>Situaci\u00f3n<\/strong><\/td><td><strong>R\u00e9gimen actual (con IVA)<\/strong><\/td><td><strong>Nueva franquicia (sin IVA)<\/strong><\/td><\/tr><tr><td class=\"has-text-align-left\" data-align=\"left\"><strong>Factura de 1.000 \u20ac<\/strong><\/td><td>Pones 1.210 \u20ac (IVA 21 %)<\/td><td>Pones&nbsp;<strong>1.000 \u20ac<\/strong>&nbsp;(m\u00e1s competitivo)<\/td><\/tr><tr><td class=\"has-text-align-left\" data-align=\"left\"><strong>Declaraciones<\/strong><\/td><td>Modelo 303 trimestral<\/td><td>Solo&nbsp;<strong>una anual informativa<\/strong><\/td><\/tr><tr><td class=\"has-text-align-left\" data-align=\"left\"><strong>Deducci\u00f3n de gastos<\/strong><\/td><td>S\u00ed, te devuelven el IVA<\/td><td><strong>No<\/strong>, pierdes esa deducci\u00f3n<\/td><\/tr><tr><td class=\"has-text-align-left\" data-align=\"left\"><strong>Papeleo<\/strong><\/td><td>Alto<\/td><td><strong>Muy bajo<\/strong><\/td><\/tr><tr><td class=\"has-text-align-left\" data-align=\"left\"><strong>Ideal para<\/strong><\/td><td>Negocios con muchos gastos<\/td><td>Negocios con pocos gastos<\/td><\/tr><\/tbody><\/table><\/figure>\n\n\n\n<div style=\"height:24px\" aria-hidden=\"true\" class=\"wp-block-spacer\"><\/div>\n\n\n\n<p class=\"espacio-previo\" id=\"consejos\">&nbsp;<\/p>\n\n\n\n<h2 class=\"wp-block-heading\">6. Conclusi\u00f3n: \u00bfalivio real o cortina de humo?<\/h2>\n\n\n\n<p>El&nbsp;<strong>IVA franquiciado para aut\u00f3nomos<\/strong>&nbsp;es una&nbsp;<strong>buena noticia sobre el papel<\/strong>. Menos papeleo, menos presi\u00f3n fiscal trimestral y la posibilidad de ser m\u00e1s competitivo con precios m\u00e1s bajos. Pero&nbsp;<strong>no es m\u00e1gico<\/strong>: para muchos aut\u00f3nomos con gastos elevados, el r\u00e9gimen general seguir\u00e1 siendo m\u00e1s rentable.<\/p>\n\n\n\n<p>Y sobre las fechas\u2026&nbsp;<strong>no te quedes esperando sentado<\/strong>. El historial de retrasos de Espa\u00f1a en materia europea no invita al optimismo. 2027 es posible, pero 2028 es m\u00e1s realista. Mientras tanto,&nbsp;<strong>sigue haciendo tus cuentas con el sistema actual<\/strong>&nbsp;y no cierres el modelo 303 todav\u00eda.<\/p>\n\n\n\n<p><strong>Eso s\u00ed:<\/strong>&nbsp;si facturas menos de 85.000 \u20ac y tienes pocos gastos,&nbsp;<strong>empieza a sonre\u00edr<\/strong>. La pesadilla burocr\u00e1tica del IVA trimestral tiene los d\u00edas contados. Solo falta saber&nbsp;<strong>cu\u00e1ntos d\u00edas exactamente<\/strong>.<\/p>\n\n\n\n<p class=\"espacio-previo\" id=\"comparativa\">&nbsp;<\/p>\n\n\n\n<hr class=\"wp-block-separator has-alpha-channel-opacity\"\/>\n\n\n\n<h3 class=\"wp-block-heading\"><strong>\u2728 Beneficios de empezar hoy con Macroges:<\/strong><\/h3>\n\n\n\n<p><strong>Comienza GRATIS.<br>Implementaci\u00f3n guiada<\/strong>&nbsp;&#8211; Soporte experto incluido.<\/p>\n\n\n\n<p><a href=\"https:\/\/www.macroges.com\/\" data-type=\"URL\" data-id=\"https:\/\/www.macroges.com\/\"><strong>Conoce m\u00e1s&#8230;<\/strong><\/a><\/p>\n\n\n\n<p><a rel=\"noreferrer noopener\" href=\"https:\/\/youtube.com\/@macroges?si=hCBNq9Vx8WjfUukR\" data-type=\"URL\" data-id=\"https:\/\/youtu.be\/rMYXeZwCa-4\" target=\"_blank\">\u25b6\ufe0f YouTube<\/a> | \ud83d\udcbc <a href=\"https:\/\/www.linkedin.com\/company\/macroges\/\">LinkedIn <\/a>| \ud83c\udf10 <a href=\"https:\/\/www.facebook.com\/macroges\">Facebook<\/a> | \ud83c\udf10 <a href=\"https:\/\/www.macroges.com\/blog\/\">Blog<\/a><\/p>\n\n\n\n<p>&nbsp;<\/p>\n\n\n\n\n\n<p>&nbsp;<\/p>\n\n\n\n<div style=\"margin:1em;\">\r\n  <a class=\"btn btn-primary\" target=\"_blank\" style=\"background-color:#00aced;\" href=\"https:\/\/twitter.com\/intent\/tweet?text=Software ERP para PYMES: La soluci\u00f3n ideal para gestionar tu negocio. https:\/\/www.macroges.com\/blog\/software-erp-pymes\/\" rel=\"noopener\"><i class=\"fa fa-twitter\"><\/i>&nbsp;&nbsp;Twitter&nbsp;\r\n  <\/a>\r\n  <a class=\"btn btn-primary\" target=\"_blank\" style=\"background-color:#3b5998;\" href=\"https:\/\/www.facebook.com\/sharer\/sharer.php?u=https:\/\/www.macroges.com\/blog\/software-erp-pymes\/\" rel=\"noopener\"><i class=\"fa fa-facebook-f\"><\/i>&nbsp;&nbsp;Facebook&nbsp;\r\n  <\/a>\r\n  <a class=\"btn btn-primary\" target=\"_blank\" style=\"background-color:#0077b5;\" href=\"https:\/\/www.linkedin.com\/shareArticle?mini=true&amp;url=https:\/\/www.macroges.com\/blog\/software-erp-pymes\/&amp;title=Software ERP para PYMES: La soluci\u00f3n ideal para gestionar tu negocio.&amp;source=https:\/\/www.macroges.com\/blog\/wp-content\/uploads\/software-erp-pymes.jpg\" rel=\"noopener\">\r\n<i class=\"fa fa-linkedin\"><\/i>&nbsp;&nbsp;LinkedIn&nbsp;\r\n  <\/a>\r\n  <a class=\"btn btn-primary\" target=\"_blank\" style=\"background-color:#009487;\" href=\"https:\/\/api.whatsapp.com\/send?text=Software ERP para PYMES: La soluci\u00f3n ideal para gestionar tu negocio. \u2013 https:\/\/www.macroges.com\/blog\/software-erp-pymes\/\" data-action=\"share\/whatsapp\/share\" rel=\"noopener\">\r\n<i class=\"fa fa-whatsapp\"><\/i>&nbsp;&nbsp;WhatsApp&nbsp;\r\n  <\/a>\r\n<\/div>\n","protected":false},"excerpt":{"rendered":"<p>IVA franquiciado para aut\u00f3nomos 2026: adi\u00f3s al modelo 303 si facturas menos de 85.000 \u20ac. \u00bfLlegar\u00e1 en 2027 o 2028? Te lo contamos. \u00bfSigues presentando el&nbsp;modelo 303 cada tres meses&nbsp;y descontando el IVA de tus facturas como un aut\u00f3mata? Pues&nbsp;prepara el cambio. El Gobierno acaba de comprometerse a aplicar la&nbsp;franquicia del IVA&nbsp;para aut\u00f3nomos que facturen [&hellip;]<\/p>\n","protected":false},"author":3,"featured_media":888,"comment_status":"closed","ping_status":"open","sticky":false,"template":"","format":"standard","meta":[],"categories":[12],"tags":[23],"yoast_head":"<!-- This site is optimized with the Yoast SEO plugin v14.0.4 - https:\/\/yoast.com\/wordpress\/plugins\/seo\/ -->\n<title>IVA franquiciado para aut\u00f3nomos 2026: adi\u00f3s al modelo 303.<\/title>\n<meta name=\"description\" content=\"IVA franquiciado para aut\u00f3nomos 2026: adi\u00f3s al modelo 303 si facturas menos de 85.000 \u20ac. \u00bfLlegar\u00e1 en 2027 o 2028? Te lo contamos.\" \/>\n<meta name=\"robots\" content=\"index, follow\" \/>\n<meta name=\"googlebot\" content=\"index, follow, max-snippet:-1, max-image-preview:large, max-video-preview:-1\" \/>\n<meta name=\"bingbot\" content=\"index, follow, max-snippet:-1, max-image-preview:large, max-video-preview:-1\" \/>\n<link rel=\"canonical\" href=\"https:\/\/www.macroges.com\/blog\/iva-franquiciado-para-autonomos-2026\/\" \/>\n<meta property=\"og:locale\" content=\"es_ES\" \/>\n<meta property=\"og:type\" content=\"article\" \/>\n<meta property=\"og:title\" content=\"IVA franquiciado para aut\u00f3nomos 2026: adi\u00f3s al modelo 303.\" \/>\n<meta property=\"og:description\" content=\"IVA franquiciado para aut\u00f3nomos 2026: adi\u00f3s al modelo 303 si facturas menos de 85.000 \u20ac. \u00bfLlegar\u00e1 en 2027 o 2028? Te lo contamos.\" \/>\n<meta property=\"og:url\" content=\"https:\/\/www.macroges.com\/blog\/iva-franquiciado-para-autonomos-2026\/\" \/>\n<meta property=\"og:site_name\" content=\"Blog Macroges\" \/>\n<meta property=\"article:published_time\" content=\"2026-04-07T20:34:57+00:00\" \/>\n<meta property=\"article:modified_time\" content=\"2026-04-08T18:45:54+00:00\" \/>\n<meta property=\"og:image\" content=\"https:\/\/www.macroges.com\/blog\/wp-content\/uploads\/ChatGPT-Image-8-abr-2026-14_02_34.png\" \/>\n\t<meta property=\"og:image:width\" content=\"1536\" \/>\n\t<meta property=\"og:image:height\" content=\"1024\" \/>\n<meta name=\"twitter:card\" content=\"summary_large_image\" \/>\n<script type=\"application\/ld+json\" class=\"yoast-schema-graph\">{\"@context\":\"https:\/\/schema.org\",\"@graph\":[{\"@type\":\"Organization\",\"@id\":\"https:\/\/www.macroges.com\/blog\/#organization\",\"name\":\"Macroges\",\"url\":\"https:\/\/www.macroges.com\/blog\/\",\"sameAs\":[],\"logo\":{\"@type\":\"ImageObject\",\"@id\":\"https:\/\/www.macroges.com\/blog\/#logo\",\"inLanguage\":\"es\",\"url\":\"https:\/\/www.macroges.com\/blog\/wp-content\/uploads\/cropped-apple-touch-icon.png\",\"width\":512,\"height\":512,\"caption\":\"Macroges\"},\"image\":{\"@id\":\"https:\/\/www.macroges.com\/blog\/#logo\"}},{\"@type\":\"WebSite\",\"@id\":\"https:\/\/www.macroges.com\/blog\/#website\",\"url\":\"https:\/\/www.macroges.com\/blog\/\",\"name\":\"Blog Macroges\",\"description\":\"Descubre las claves para optimizar tu gesti\\u00f3n empresarial con nuestro blog sobre facturaci\\u00f3n, CRM y TPV. Obt\\u00e9n consejos pr\\u00e1cticos, tendencias del sector y soluciones innovadoras para potenciar tu negocio.\",\"publisher\":{\"@id\":\"https:\/\/www.macroges.com\/blog\/#organization\"},\"potentialAction\":[{\"@type\":\"SearchAction\",\"target\":\"https:\/\/www.macroges.com\/blog\/?s={search_term_string}\",\"query-input\":\"required name=search_term_string\"}],\"inLanguage\":\"es\"},{\"@type\":\"ImageObject\",\"@id\":\"https:\/\/www.macroges.com\/blog\/iva-franquiciado-para-autonomos-2026\/#primaryimage\",\"inLanguage\":\"es\",\"url\":\"https:\/\/www.macroges.com\/blog\/wp-content\/uploads\/ChatGPT-Image-8-abr-2026-14_02_34.png\",\"width\":1536,\"height\":1024},{\"@type\":\"WebPage\",\"@id\":\"https:\/\/www.macroges.com\/blog\/iva-franquiciado-para-autonomos-2026\/#webpage\",\"url\":\"https:\/\/www.macroges.com\/blog\/iva-franquiciado-para-autonomos-2026\/\",\"name\":\"IVA franquiciado para aut\\u00f3nomos 2026: adi\\u00f3s al modelo 303.\",\"isPartOf\":{\"@id\":\"https:\/\/www.macroges.com\/blog\/#website\"},\"primaryImageOfPage\":{\"@id\":\"https:\/\/www.macroges.com\/blog\/iva-franquiciado-para-autonomos-2026\/#primaryimage\"},\"datePublished\":\"2026-04-07T20:34:57+00:00\",\"dateModified\":\"2026-04-08T18:45:54+00:00\",\"description\":\"IVA franquiciado para aut\\u00f3nomos 2026: adi\\u00f3s al modelo 303 si facturas menos de 85.000 \\u20ac. \\u00bfLlegar\\u00e1 en 2027 o 2028? Te lo contamos.\",\"inLanguage\":\"es\",\"potentialAction\":[{\"@type\":\"ReadAction\",\"target\":[\"https:\/\/www.macroges.com\/blog\/iva-franquiciado-para-autonomos-2026\/\"]}]},{\"@type\":\"Article\",\"@id\":\"https:\/\/www.macroges.com\/blog\/iva-franquiciado-para-autonomos-2026\/#article\",\"isPartOf\":{\"@id\":\"https:\/\/www.macroges.com\/blog\/iva-franquiciado-para-autonomos-2026\/#webpage\"},\"author\":{\"@id\":\"https:\/\/www.macroges.com\/blog\/#\/schema\/person\/d974e1750039438c7302547115cedf69\"},\"headline\":\"IVA franquiciado para aut\\u00f3nomos: La multa de Bruselas que obliga a Espa\\u00f1a a cambiar (\\u00bfLlegar\\u00e1 antes de 2028?)\",\"datePublished\":\"2026-04-07T20:34:57+00:00\",\"dateModified\":\"2026-04-08T18:45:54+00:00\",\"commentCount\":0,\"mainEntityOfPage\":{\"@id\":\"https:\/\/www.macroges.com\/blog\/iva-franquiciado-para-autonomos-2026\/#webpage\"},\"publisher\":{\"@id\":\"https:\/\/www.macroges.com\/blog\/#organization\"},\"image\":{\"@id\":\"https:\/\/www.macroges.com\/blog\/iva-franquiciado-para-autonomos-2026\/#primaryimage\"},\"keywords\":\"aut\\u00f3nomos\",\"articleSection\":\"Aut\\u00f3nomos\",\"inLanguage\":\"es\"},{\"@type\":[\"Person\"],\"@id\":\"https:\/\/www.macroges.com\/blog\/#\/schema\/person\/d974e1750039438c7302547115cedf69\",\"name\":\"Israel Evana Hernandez\",\"image\":{\"@type\":\"ImageObject\",\"@id\":\"https:\/\/www.macroges.com\/blog\/#personlogo\",\"inLanguage\":\"es\",\"url\":\"https:\/\/secure.gravatar.com\/avatar\/7f051c43339b98b9d23f8c71ef788eb4?s=96&d=mm&r=g\",\"caption\":\"Israel Evana Hernandez\"}}]}<\/script>\n<!-- \/ Yoast SEO plugin. -->","_links":{"self":[{"href":"https:\/\/www.macroges.com\/blog\/wp-json\/wp\/v2\/posts\/884"}],"collection":[{"href":"https:\/\/www.macroges.com\/blog\/wp-json\/wp\/v2\/posts"}],"about":[{"href":"https:\/\/www.macroges.com\/blog\/wp-json\/wp\/v2\/types\/post"}],"author":[{"embeddable":true,"href":"https:\/\/www.macroges.com\/blog\/wp-json\/wp\/v2\/users\/3"}],"replies":[{"embeddable":true,"href":"https:\/\/www.macroges.com\/blog\/wp-json\/wp\/v2\/comments?post=884"}],"version-history":[{"count":2,"href":"https:\/\/www.macroges.com\/blog\/wp-json\/wp\/v2\/posts\/884\/revisions"}],"predecessor-version":[{"id":887,"href":"https:\/\/www.macroges.com\/blog\/wp-json\/wp\/v2\/posts\/884\/revisions\/887"}],"wp:featuredmedia":[{"embeddable":true,"href":"https:\/\/www.macroges.com\/blog\/wp-json\/wp\/v2\/media\/888"}],"wp:attachment":[{"href":"https:\/\/www.macroges.com\/blog\/wp-json\/wp\/v2\/media?parent=884"}],"wp:term":[{"taxonomy":"category","embeddable":true,"href":"https:\/\/www.macroges.com\/blog\/wp-json\/wp\/v2\/categories?post=884"},{"taxonomy":"post_tag","embeddable":true,"href":"https:\/\/www.macroges.com\/blog\/wp-json\/wp\/v2\/tags?post=884"}],"curies":[{"name":"wp","href":"https:\/\/api.w.org\/{rel}","templated":true}]}}